{"id":626,"date":"2017-06-07T15:15:37","date_gmt":"2017-06-07T15:15:37","guid":{"rendered":"http:\/\/www.gtaingenieria.com\/?p=626"},"modified":"2024-04-18T22:11:02","modified_gmt":"2024-04-18T22:11:02","slug":"con-decreto-gobierno","status":"publish","type":"post","link":"https:\/\/www.gtaingenieria.com\/index.php\/2017\/06\/07\/con-decreto-gobierno\/","title":{"rendered":"Consumo de energ\u00eda en 2021, el m\u00e1s alto en diez a\u00f1os"},"content":{"rendered":"<div>&#8211; Crecimiento acumulado al 30 de noviembre es de 5,56%, mucho mayor al nivel prepandemia que fue 3,90%, y muy por encima de 2020, cuando marc\u00f3 -2,70%.- El crecimiento que ha registrado la demanda de energ\u00eda entre enero y noviembre del presente a\u00f1o es el term\u00f3metro que indica, <b>que la aceleraci\u00f3n del aparato industrial y comercial del pa\u00eds, despu\u00e9s de la pandemia por la covid 19, va por buen camino.<\/b><\/p>\n<p id=\"p559837-m483-4-484\" class=\"parrafo \">M\u00e1s, si se tiene en cuenta que, luego de las marchas y bloqueos producto del paro nacional en mayo y junio pasado, dieron paso al dinamismo de la econom\u00eda, y que se ha reflejado en el comportamiento del consumo de electricidad, que confirma que la reactivaci\u00f3n ya retom\u00f3 el rumbo.<\/p>\n<p id=\"p559837-m489-5-490\" class=\"parrafo \">Y la muestra, son los registros de la conducta en la demanda de energ\u00eda el\u00e9ctrica, ya que en lo corrido del a\u00f1o su dinamismo ha estado al alza, con excepciones en enero y febrero,<b>\u00a0que contrastan con el pico del consumo en abril con un 15,36%, as\u00ed como en los meses de mayo, junio, julio, septiembre, octubre y noviembre, en donde el nivel estuvo por encima del 6,4%.<\/b><\/p>\n<p id=\"p559837-m495-6-496\" class=\"parrafo \"><i>\u201cEl mi\u00e9rcoles (21 de julio), jueves (22 de julio) y viernes (23 de julio) se registraron los consumos de energ\u00eda m\u00e1s altos en la historia del pa\u00eds, lo que evidencia que la demanda est\u00e1 en niveles mucho mayores a la prepandemia. De los sectores que han tenido un mayor consumo est\u00e1 el industrial, el agro y los sociales, as\u00ed como el transporte, la educaci\u00f3n y la salud\u201d,<\/i>\u00a0se\u00f1al\u00f3 Diego Mesa, ministro de Minas y Energ\u00eda.<\/p>\n<p id=\"p559837-m501-7-502\" class=\"parrafo \">Si bien, el comportamiento en la demanda ha sido favorable debido a la reactivaci\u00f3n econ\u00f3mica, el consumo entre enero y noviembre del 2021 es uno de los m\u00e1s altos, ya que el crecimiento acumulado en lo corrido del presenta a\u00f1o (corte al 30 de noviembre) es de 5,56%,<b>\u00a0mucho mayor al nivel prepademia (2019) que fue del 3,90%, y muy por encima del a\u00f1o pasado, cuando marc\u00f3 el -2,70%.<\/b><\/p>\n<p class=\"parrafo \">Es decir que, la diferencia del 2021 con el 2019 es de 1,66%, y con la del 2020, de 8,26%.<\/p>\n<p id=\"p559837-m519-10-520\" class=\"parrafo \">Adem\u00e1s, el crecimiento acumulado en la demanda de energ\u00eda enero &#8211; noviembre (5,56%) es el m\u00e1s alto registrado en los \u00faltimos 10 a\u00f1os, sin descontar que el 2020 fue un a\u00f1o de una fuerte ca\u00edda en el consumo por la pandemia.<i>\u201cEl a\u00f1o pasado se present\u00f3 un descenso en el consumo de electricidad por los efectos de la pandemia, pero a medida que se han ido retomando actividades industriales durante el 2021 la demanda ha crecido, principalmente en el industrial (mercado no regulado). Con la retoma de labores, se han dinamizado algunas regiones, particularmente el Valle del Cauca y el Pacifico, despu\u00e9s de superar los bloqueos por el paro nacional\u201d,\u00a0<\/i>explic\u00f3 Mateo Mendoza, socio fundador de la firma Mendoza.<\/p>\n<p id=\"p559837-m525-11-526\" class=\"parrafo \">Por su parte, Alejandro Casta\u00f1eda, director ejecutivo de Andeg, recalc\u00f3 que\u00a0<i>\u201cprimero, venimos en una recuperaci\u00f3n del nivel de demanda luego que el a\u00f1o pasado esta cayera por las restricciones de la covid-19. Sin embargo, la reactivaci\u00f3n econ\u00f3mica reciente ha hecho que se registren niveles de consumo superiores y con tasa de crecimiento mayores\u201d.<\/i><\/p>\n<p id=\"p559837-m531-12-532\" class=\"parrafo \">El l\u00edder gremial subray\u00f3 que la regi\u00f3n del pa\u00eds en donde se ha presentado el mayor consumo de energ\u00eda es el Caribe, que viene creciendo por encima del nivel nacional, incluso del 9% anual.<i>\u00a0\u201cLo anterior se refleja en que la demanda real esta ya por encima de los escenarios altos de proyecci\u00f3n de la Upme\u201d,<\/i>\u00a0dijo.<\/p>\n<p id=\"p559837-m537-13-538\" class=\"parrafo \">Precisamente, esta entidad se\u00f1ala que las actividades que tuvieron mayor incidencia en el comportamiento de la demanda de energ\u00eda han sido:\u00a0<b>textiles y confecciones, alimentos y bebidas, sustancias y productos qu\u00edmicos, minerales no met\u00e1licos, comercio y refinaci\u00f3n de productos de petr\u00f3leo, producci\u00f3n industrial y comercio, papel e imprenta y productos met\u00e1licos.<\/b><\/p>\n<p id=\"p559837-m543-14-544\" class=\"parrafo \">Adem\u00e1s de la costa Caribe, otras regiones del territorio nacional que ha registrado un crecimiento mayor en el consumo de electricidad son:\u00a0<b>Oriente, Centro, Antioquia, THC (Tolima, Huila y Caquet\u00e1) y el Eje Cafetero (Caldas, Quind\u00edo y Risaralda).<\/b><\/p>\n<p id=\"p559837-m549-15-550\" class=\"parrafo \"><i>\u201cDurante este a\u00f1o hemos evidenciado una reactivaci\u00f3n de la demanda de energ\u00eda como respuesta a la alta dinamizaci\u00f3n de los sectores econ\u00f3micos del pa\u00eds y del consumo de corriente el\u00e9ctrica\u201d,<\/i>\u00a0se\u00f1al\u00f3 Jaime Alejandro Zapata Uribe, gerente del Centro Nacional de Despacho, de XM.<\/p>\n<\/div>\n<p>Fuente: https:\/\/www.portafolio.co\/<\/p>\n","protected":false},"excerpt":{"rendered":"<p>&#8211; Crecimiento acumulado al 30 de noviembre es de 5,56%, mucho mayor al nivel prepandemia que fue 3,90%, y muy por encima de 2020, cuando marc\u00f3<span class=\"excerpt-hellip\"> [\u2026]<\/span><\/p>\n","protected":false},"author":1,"featured_media":1976,"comment_status":"open","ping_status":"open","sticky":false,"template":"","format":"standard","meta":[],"categories":[1],"tags":[],"_links":{"self":[{"href":"https:\/\/www.gtaingenieria.com\/index.php\/wp-json\/wp\/v2\/posts\/626"}],"collection":[{"href":"https:\/\/www.gtaingenieria.com\/index.php\/wp-json\/wp\/v2\/posts"}],"about":[{"href":"https:\/\/www.gtaingenieria.com\/index.php\/wp-json\/wp\/v2\/types\/post"}],"author":[{"embeddable":true,"href":"https:\/\/www.gtaingenieria.com\/index.php\/wp-json\/wp\/v2\/users\/1"}],"replies":[{"embeddable":true,"href":"https:\/\/www.gtaingenieria.com\/index.php\/wp-json\/wp\/v2\/comments?post=626"}],"version-history":[{"count":10,"href":"https:\/\/www.gtaingenieria.com\/index.php\/wp-json\/wp\/v2\/posts\/626\/revisions"}],"predecessor-version":[{"id":27316,"href":"https:\/\/www.gtaingenieria.com\/index.php\/wp-json\/wp\/v2\/posts\/626\/revisions\/27316"}],"wp:featuredmedia":[{"embeddable":true,"href":"https:\/\/www.gtaingenieria.com\/index.php\/wp-json\/wp\/v2\/media\/1976"}],"wp:attachment":[{"href":"https:\/\/www.gtaingenieria.com\/index.php\/wp-json\/wp\/v2\/media?parent=626"}],"wp:term":[{"taxonomy":"category","embeddable":true,"href":"https:\/\/www.gtaingenieria.com\/index.php\/wp-json\/wp\/v2\/categories?post=626"},{"taxonomy":"post_tag","embeddable":true,"href":"https:\/\/www.gtaingenieria.com\/index.php\/wp-json\/wp\/v2\/tags?post=626"}],"curies":[{"name":"wp","href":"https:\/\/api.w.org\/{rel}","templated":true}]}}